{"id":2425,"date":"2009-12-12T17:06:17","date_gmt":"2009-12-12T20:06:17","guid":{"rendered":"http:\/\/camaraclara.org.br\/fotoestrela\/?p=2425"},"modified":"2021-05-18T06:41:05","modified_gmt":"2021-05-18T09:41:05","slug":"o-homem-da-flor-na-boca","status":"publish","type":"post","link":"http:\/\/camaraclara.org.br\/acervo\/o-homem-da-flor-na-boca\/","title":{"rendered":"O homem da flor na boca"},"content":{"rendered":"<p>Eles pensam. Pensam mas n\u00e3o enxergam&#8230;<br \/>\nO que sobra da vida s\u00e3o as nossas lembran\u00e7as.<br \/>\nLeitura dram\u00e1tico-audiovisual do texto de Luigi Pirandello, O homem da flor na boca.<br \/>\nAdapta\u00e7\u00e3o e Interpreta\u00e7\u00e3o: Euclides Sandoval. Dire\u00e7\u00e3o, Fotografia e Edi\u00e7\u00e3o: Daniel Choma.<\/p>\n","protected":false},"excerpt":{"rendered":"<p>Eles pensam. Pensam mas n\u00e3o enxergam&#8230; O que sobra da vida s\u00e3o as nossas lembran\u00e7as. Leitura dram\u00e1tico-audiovisual do texto de Luigi Pirandello, O homem da flor na boca. Adapta\u00e7\u00e3o e Interpreta\u00e7\u00e3o: Euclides Sandoval. Dire\u00e7\u00e3o, Fotografia e Edi\u00e7\u00e3o: Daniel Choma.<\/p>\n<div class=\"wrap-excerpt-more\"><a class=\"excerpt-more\" href=\"http:\/\/camaraclara.org.br\/acervo\/o-homem-da-flor-na-boca\/\">Read more<\/a><\/div>\n","protected":false},"author":3,"featured_media":0,"comment_status":"open","ping_status":"open","sticky":false,"template":"","format":"video","meta":[],"categories":[42,46],"tags":[],"_links":{"self":[{"href":"http:\/\/camaraclara.org.br\/acervo\/wp-json\/wp\/v2\/posts\/2425"}],"collection":[{"href":"http:\/\/camaraclara.org.br\/acervo\/wp-json\/wp\/v2\/posts"}],"about":[{"href":"http:\/\/camaraclara.org.br\/acervo\/wp-json\/wp\/v2\/types\/post"}],"author":[{"embeddable":true,"href":"http:\/\/camaraclara.org.br\/acervo\/wp-json\/wp\/v2\/users\/3"}],"replies":[{"embeddable":true,"href":"http:\/\/camaraclara.org.br\/acervo\/wp-json\/wp\/v2\/comments?post=2425"}],"version-history":[{"count":2,"href":"http:\/\/camaraclara.org.br\/acervo\/wp-json\/wp\/v2\/posts\/2425\/revisions"}],"predecessor-version":[{"id":2427,"href":"http:\/\/camaraclara.org.br\/acervo\/wp-json\/wp\/v2\/posts\/2425\/revisions\/2427"}],"wp:attachment":[{"href":"http:\/\/camaraclara.org.br\/acervo\/wp-json\/wp\/v2\/media?parent=2425"}],"wp:term":[{"taxonomy":"category","embeddable":true,"href":"http:\/\/camaraclara.org.br\/acervo\/wp-json\/wp\/v2\/categories?post=2425"},{"taxonomy":"post_tag","embeddable":true,"href":"http:\/\/camaraclara.org.br\/acervo\/wp-json\/wp\/v2\/tags?post=2425"}],"curies":[{"name":"wp","href":"https:\/\/api.w.org\/{rel}","templated":true}]}}